{"id":8287,"date":"2026-01-08T12:13:06","date_gmt":"2026-01-08T11:13:06","guid":{"rendered":"https:\/\/brinovalighting.com\/marka-oswietleniowa-dla-architektow-i-projektantow\/"},"modified":"2026-01-08T12:51:26","modified_gmt":"2026-01-08T11:51:26","slug":"marka-oswietleniowa-dla-architektow-i-projektantow","status":"publish","type":"post","link":"https:\/\/brinovalighting.com\/fr\/marka-oswietleniowa-dla-architektow-i-projektantow\/","title":{"rendered":"Une marque d\u2019\u00e9clairage pour les architectes et designers"},"content":{"rendered":"\n<p>La marque Brinova a particip\u00e9 au salon Warsaw Home, l\u2019un des \u00e9v\u00e9nements les plus importants du secteur de l\u2019am\u00e9nagement int\u00e9rieur et du design en Pologne. Warsaw Home est un lieu de rencontre pour les fabricants, les architectes, les designers d\u2019int\u00e9rieur et les experts en solutions modernes pour les espaces int\u00e9rieurs.<br>Lors du salon Warsaw Home, nous avons pr\u00e9sent\u00e9 les collections d\u2019\u00e9clairage Brinova, alliant une haute qualit\u00e9 de fabrication, une esth\u00e9tique intemporelle et une fonctionnalit\u00e9. Nos luminaires ont \u00e9t\u00e9 expos\u00e9s comme un \u00e9l\u00e9ment cl\u00e9 du design int\u00e9rieur r\u00e9fl\u00e9chi, mettant en valeur le caract\u00e8re des espaces r\u00e9sidentiels et commerciaux.<br>La participation au salon a \u00e9galement \u00e9t\u00e9 l\u2019occasion d\u2019\u00e9changer avec des architectes et des designers d\u2019int\u00e9rieur, ainsi que de nouer de nouvelles relations commerciales. Le vif int\u00e9r\u00eat suscit\u00e9 par notre stand a confirm\u00e9 l\u2019importance croissante d\u2019un \u00e9clairage professionnellement con\u00e7u dans les am\u00e9nagements contemporains.<br>La pr\u00e9sence de Brinova au salon Warsaw Home s\u2019inscrit dans la strat\u00e9gie de d\u00e9veloppement de la marque, visant une coop\u00e9ration \u00e9troite avec les architectes, designers et showrooms d\u2019am\u00e9nagement int\u00e9rieur \u00e0 travers toute la Pologne.<\/p>\n","protected":false},"excerpt":{"rendered":"<p>La marque Brinova a particip\u00e9 au salon Warsaw Home, l\u2019un des \u00e9v\u00e9nements les plus importants du secteur de&#8230;<\/p>\n","protected":false},"author":1,"featured_media":8288,"comment_status":"closed","ping_status":"open","sticky":false,"template":"","format":"standard","meta":{"footnotes":""},"categories":[39],"tags":[],"class_list":["post-8287","post","type-post","status-publish","format-standard","has-post-thumbnail","hentry","category-non-categorise"],"yoast_head":"<!-- This site is optimized with the Yoast SEO plugin v26.7 - https:\/\/yoast.com\/wordpress\/plugins\/seo\/ -->\n<title>Une marque d\u2019\u00e9clairage pour les architectes et designers - Brinova<\/title>\n<meta name=\"robots\" content=\"index, follow, max-snippet:-1, max-image-preview:large, max-video-preview:-1\" \/>\n<link rel=\"canonical\" href=\"https:\/\/brinovalighting.com\/fr\/marka-oswietleniowa-dla-architektow-i-projektantow\/\" \/>\n<meta property=\"og:locale\" content=\"fr_FR\" \/>\n<meta property=\"og:type\" content=\"article\" \/>\n<meta property=\"og:title\" content=\"Une marque d\u2019\u00e9clairage pour les architectes et designers - Brinova\" \/>\n<meta property=\"og:description\" content=\"La marque Brinova a particip\u00e9 au salon Warsaw Home, l\u2019un des \u00e9v\u00e9nements les plus importants du secteur de...\" \/>\n<meta property=\"og:url\" content=\"https:\/\/brinovalighting.com\/fr\/marka-oswietleniowa-dla-architektow-i-projektantow\/\" \/>\n<meta property=\"og:site_name\" content=\"Brinova\" \/>\n<meta property=\"article:published_time\" content=\"2026-01-08T11:13:06+00:00\" \/>\n<meta property=\"article:modified_time\" content=\"2026-01-08T11:51:26+00:00\" \/>\n<meta property=\"og:image\" content=\"https:\/\/brinovalighting.com\/wp-content\/uploads\/2026\/01\/wpis.jpg\" \/>\n\t<meta property=\"og:image:width\" content=\"1900\" \/>\n\t<meta property=\"og:image:height\" content=\"1267\" \/>\n\t<meta property=\"og:image:type\" content=\"image\/jpeg\" \/>\n<meta name=\"author\" content=\"admin-py0DaJKJ\" \/>\n<meta name=\"twitter:card\" content=\"summary_large_image\" \/>\n<meta name=\"twitter:label1\" content=\"\u00c9crit par\" \/>\n\t<meta name=\"twitter:data1\" content=\"admin-py0DaJKJ\" \/>\n\t<meta name=\"twitter:label2\" content=\"Dur\u00e9e de lecture estim\u00e9e\" \/>\n\t<meta name=\"twitter:data2\" content=\"2 minutes\" \/>\n<script type=\"application\/ld+json\" class=\"yoast-schema-graph\">{\"@context\":\"https:\/\/schema.org\",\"@graph\":[{\"@type\":\"Article\",\"@id\":\"https:\/\/brinovalighting.com\/fr\/marka-oswietleniowa-dla-architektow-i-projektantow\/#article\",\"isPartOf\":{\"@id\":\"https:\/\/brinovalighting.com\/fr\/marka-oswietleniowa-dla-architektow-i-projektantow\/\"},\"author\":{\"name\":\"admin-py0DaJKJ\",\"@id\":\"https:\/\/brinovalighting.com\/fr\/#\/schema\/person\/196d4f4e4e4a8e3773999c3bb370db32\"},\"headline\":\"Une marque d\u2019\u00e9clairage pour les architectes et designers\",\"datePublished\":\"2026-01-08T11:13:06+00:00\",\"dateModified\":\"2026-01-08T11:51:26+00:00\",\"mainEntityOfPage\":{\"@id\":\"https:\/\/brinovalighting.com\/fr\/marka-oswietleniowa-dla-architektow-i-projektantow\/\"},\"wordCount\":218,\"publisher\":{\"@id\":\"https:\/\/brinovalighting.com\/fr\/#organization\"},\"image\":{\"@id\":\"https:\/\/brinovalighting.com\/fr\/marka-oswietleniowa-dla-architektow-i-projektantow\/#primaryimage\"},\"thumbnailUrl\":\"https:\/\/brinovalighting.com\/wp-content\/uploads\/2026\/01\/wpis.jpg\",\"articleSection\":[\"Non cat\u00e9goris\u00e9\"],\"inLanguage\":\"fr-FR\"},{\"@type\":\"WebPage\",\"@id\":\"https:\/\/brinovalighting.com\/fr\/marka-oswietleniowa-dla-architektow-i-projektantow\/\",\"url\":\"https:\/\/brinovalighting.com\/fr\/marka-oswietleniowa-dla-architektow-i-projektantow\/\",\"name\":\"Une marque d\u2019\u00e9clairage pour les architectes et designers - Brinova\",\"isPartOf\":{\"@id\":\"https:\/\/brinovalighting.com\/fr\/#website\"},\"primaryImageOfPage\":{\"@id\":\"https:\/\/brinovalighting.com\/fr\/marka-oswietleniowa-dla-architektow-i-projektantow\/#primaryimage\"},\"image\":{\"@id\":\"https:\/\/brinovalighting.com\/fr\/marka-oswietleniowa-dla-architektow-i-projektantow\/#primaryimage\"},\"thumbnailUrl\":\"https:\/\/brinovalighting.com\/wp-content\/uploads\/2026\/01\/wpis.jpg\",\"datePublished\":\"2026-01-08T11:13:06+00:00\",\"dateModified\":\"2026-01-08T11:51:26+00:00\",\"breadcrumb\":{\"@id\":\"https:\/\/brinovalighting.com\/fr\/marka-oswietleniowa-dla-architektow-i-projektantow\/#breadcrumb\"},\"inLanguage\":\"fr-FR\",\"potentialAction\":[{\"@type\":\"ReadAction\",\"target\":[\"https:\/\/brinovalighting.com\/fr\/marka-oswietleniowa-dla-architektow-i-projektantow\/\"]}]},{\"@type\":\"ImageObject\",\"inLanguage\":\"fr-FR\",\"@id\":\"https:\/\/brinovalighting.com\/fr\/marka-oswietleniowa-dla-architektow-i-projektantow\/#primaryimage\",\"url\":\"https:\/\/brinovalighting.com\/wp-content\/uploads\/2026\/01\/wpis.jpg\",\"contentUrl\":\"https:\/\/brinovalighting.com\/wp-content\/uploads\/2026\/01\/wpis.jpg\",\"width\":1900,\"height\":1267},{\"@type\":\"BreadcrumbList\",\"@id\":\"https:\/\/brinovalighting.com\/fr\/marka-oswietleniowa-dla-architektow-i-projektantow\/#breadcrumb\",\"itemListElement\":[{\"@type\":\"ListItem\",\"position\":1,\"name\":\"Strona g\u0142\u00f3wna\",\"item\":\"https:\/\/brinovalighting.com\/fr\/\"},{\"@type\":\"ListItem\",\"position\":2,\"name\":\"Une marque d\u2019\u00e9clairage pour les architectes et designers\"}]},{\"@type\":\"WebSite\",\"@id\":\"https:\/\/brinovalighting.com\/fr\/#website\",\"url\":\"https:\/\/brinovalighting.com\/fr\/\",\"name\":\"Brinova\",\"description\":\"Polska marka o\u015bwietlenia premium\",\"publisher\":{\"@id\":\"https:\/\/brinovalighting.com\/fr\/#organization\"},\"potentialAction\":[{\"@type\":\"SearchAction\",\"target\":{\"@type\":\"EntryPoint\",\"urlTemplate\":\"https:\/\/brinovalighting.com\/fr\/?s={search_term_string}\"},\"query-input\":{\"@type\":\"PropertyValueSpecification\",\"valueRequired\":true,\"valueName\":\"search_term_string\"}}],\"inLanguage\":\"fr-FR\"},{\"@type\":\"Organization\",\"@id\":\"https:\/\/brinovalighting.com\/fr\/#organization\",\"name\":\"Brinova\",\"url\":\"https:\/\/brinovalighting.com\/fr\/\",\"logo\":{\"@type\":\"ImageObject\",\"inLanguage\":\"fr-FR\",\"@id\":\"https:\/\/brinovalighting.com\/fr\/#\/schema\/logo\/image\/\",\"url\":\"https:\/\/brinovalighting.com\/wp-content\/uploads\/2025\/09\/BRINOVA_LOGO_2025-scaled.png\",\"contentUrl\":\"https:\/\/brinovalighting.com\/wp-content\/uploads\/2025\/09\/BRINOVA_LOGO_2025-scaled.png\",\"width\":2560,\"height\":544,\"caption\":\"Brinova\"},\"image\":{\"@id\":\"https:\/\/brinovalighting.com\/fr\/#\/schema\/logo\/image\/\"}},{\"@type\":\"Person\",\"@id\":\"https:\/\/brinovalighting.com\/fr\/#\/schema\/person\/196d4f4e4e4a8e3773999c3bb370db32\",\"name\":\"admin-py0DaJKJ\",\"image\":{\"@type\":\"ImageObject\",\"inLanguage\":\"fr-FR\",\"@id\":\"https:\/\/brinovalighting.com\/fr\/#\/schema\/person\/image\/\",\"url\":\"https:\/\/secure.gravatar.com\/avatar\/748ee3f5fc4ee7d578dbbfb66ec936f90fa42c1fc4d63e93e55233eda6e6f1c5?s=96&d=mm&r=g\",\"contentUrl\":\"https:\/\/secure.gravatar.com\/avatar\/748ee3f5fc4ee7d578dbbfb66ec936f90fa42c1fc4d63e93e55233eda6e6f1c5?s=96&d=mm&r=g\",\"caption\":\"admin-py0DaJKJ\"},\"sameAs\":[\"https:\/\/brinovalighting.com\"]}]}<\/script>\n<!-- \/ Yoast SEO plugin. -->","yoast_head_json":{"title":"Une marque d\u2019\u00e9clairage pour les architectes et designers - Brinova","robots":{"index":"index","follow":"follow","max-snippet":"max-snippet:-1","max-image-preview":"max-image-preview:large","max-video-preview":"max-video-preview:-1"},"canonical":"https:\/\/brinovalighting.com\/fr\/marka-oswietleniowa-dla-architektow-i-projektantow\/","og_locale":"fr_FR","og_type":"article","og_title":"Une marque d\u2019\u00e9clairage pour les architectes et designers - Brinova","og_description":"La marque Brinova a particip\u00e9 au salon Warsaw Home, l\u2019un des \u00e9v\u00e9nements les plus importants du secteur de...","og_url":"https:\/\/brinovalighting.com\/fr\/marka-oswietleniowa-dla-architektow-i-projektantow\/","og_site_name":"Brinova","article_published_time":"2026-01-08T11:13:06+00:00","article_modified_time":"2026-01-08T11:51:26+00:00","og_image":[{"width":1900,"height":1267,"url":"https:\/\/brinovalighting.com\/wp-content\/uploads\/2026\/01\/wpis.jpg","type":"image\/jpeg"}],"author":"admin-py0DaJKJ","twitter_card":"summary_large_image","twitter_misc":{"\u00c9crit par":"admin-py0DaJKJ","Dur\u00e9e de lecture estim\u00e9e":"2 minutes"},"schema":{"@context":"https:\/\/schema.org","@graph":[{"@type":"Article","@id":"https:\/\/brinovalighting.com\/fr\/marka-oswietleniowa-dla-architektow-i-projektantow\/#article","isPartOf":{"@id":"https:\/\/brinovalighting.com\/fr\/marka-oswietleniowa-dla-architektow-i-projektantow\/"},"author":{"name":"admin-py0DaJKJ","@id":"https:\/\/brinovalighting.com\/fr\/#\/schema\/person\/196d4f4e4e4a8e3773999c3bb370db32"},"headline":"Une marque d\u2019\u00e9clairage pour les architectes et designers","datePublished":"2026-01-08T11:13:06+00:00","dateModified":"2026-01-08T11:51:26+00:00","mainEntityOfPage":{"@id":"https:\/\/brinovalighting.com\/fr\/marka-oswietleniowa-dla-architektow-i-projektantow\/"},"wordCount":218,"publisher":{"@id":"https:\/\/brinovalighting.com\/fr\/#organization"},"image":{"@id":"https:\/\/brinovalighting.com\/fr\/marka-oswietleniowa-dla-architektow-i-projektantow\/#primaryimage"},"thumbnailUrl":"https:\/\/brinovalighting.com\/wp-content\/uploads\/2026\/01\/wpis.jpg","articleSection":["Non cat\u00e9goris\u00e9"],"inLanguage":"fr-FR"},{"@type":"WebPage","@id":"https:\/\/brinovalighting.com\/fr\/marka-oswietleniowa-dla-architektow-i-projektantow\/","url":"https:\/\/brinovalighting.com\/fr\/marka-oswietleniowa-dla-architektow-i-projektantow\/","name":"Une marque d\u2019\u00e9clairage pour les architectes et designers - Brinova","isPartOf":{"@id":"https:\/\/brinovalighting.com\/fr\/#website"},"primaryImageOfPage":{"@id":"https:\/\/brinovalighting.com\/fr\/marka-oswietleniowa-dla-architektow-i-projektantow\/#primaryimage"},"image":{"@id":"https:\/\/brinovalighting.com\/fr\/marka-oswietleniowa-dla-architektow-i-projektantow\/#primaryimage"},"thumbnailUrl":"https:\/\/brinovalighting.com\/wp-content\/uploads\/2026\/01\/wpis.jpg","datePublished":"2026-01-08T11:13:06+00:00","dateModified":"2026-01-08T11:51:26+00:00","breadcrumb":{"@id":"https:\/\/brinovalighting.com\/fr\/marka-oswietleniowa-dla-architektow-i-projektantow\/#breadcrumb"},"inLanguage":"fr-FR","potentialAction":[{"@type":"ReadAction","target":["https:\/\/brinovalighting.com\/fr\/marka-oswietleniowa-dla-architektow-i-projektantow\/"]}]},{"@type":"ImageObject","inLanguage":"fr-FR","@id":"https:\/\/brinovalighting.com\/fr\/marka-oswietleniowa-dla-architektow-i-projektantow\/#primaryimage","url":"https:\/\/brinovalighting.com\/wp-content\/uploads\/2026\/01\/wpis.jpg","contentUrl":"https:\/\/brinovalighting.com\/wp-content\/uploads\/2026\/01\/wpis.jpg","width":1900,"height":1267},{"@type":"BreadcrumbList","@id":"https:\/\/brinovalighting.com\/fr\/marka-oswietleniowa-dla-architektow-i-projektantow\/#breadcrumb","itemListElement":[{"@type":"ListItem","position":1,"name":"Strona g\u0142\u00f3wna","item":"https:\/\/brinovalighting.com\/fr\/"},{"@type":"ListItem","position":2,"name":"Une marque d\u2019\u00e9clairage pour les architectes et designers"}]},{"@type":"WebSite","@id":"https:\/\/brinovalighting.com\/fr\/#website","url":"https:\/\/brinovalighting.com\/fr\/","name":"Brinova","description":"Polska marka o\u015bwietlenia premium","publisher":{"@id":"https:\/\/brinovalighting.com\/fr\/#organization"},"potentialAction":[{"@type":"SearchAction","target":{"@type":"EntryPoint","urlTemplate":"https:\/\/brinovalighting.com\/fr\/?s={search_term_string}"},"query-input":{"@type":"PropertyValueSpecification","valueRequired":true,"valueName":"search_term_string"}}],"inLanguage":"fr-FR"},{"@type":"Organization","@id":"https:\/\/brinovalighting.com\/fr\/#organization","name":"Brinova","url":"https:\/\/brinovalighting.com\/fr\/","logo":{"@type":"ImageObject","inLanguage":"fr-FR","@id":"https:\/\/brinovalighting.com\/fr\/#\/schema\/logo\/image\/","url":"https:\/\/brinovalighting.com\/wp-content\/uploads\/2025\/09\/BRINOVA_LOGO_2025-scaled.png","contentUrl":"https:\/\/brinovalighting.com\/wp-content\/uploads\/2025\/09\/BRINOVA_LOGO_2025-scaled.png","width":2560,"height":544,"caption":"Brinova"},"image":{"@id":"https:\/\/brinovalighting.com\/fr\/#\/schema\/logo\/image\/"}},{"@type":"Person","@id":"https:\/\/brinovalighting.com\/fr\/#\/schema\/person\/196d4f4e4e4a8e3773999c3bb370db32","name":"admin-py0DaJKJ","image":{"@type":"ImageObject","inLanguage":"fr-FR","@id":"https:\/\/brinovalighting.com\/fr\/#\/schema\/person\/image\/","url":"https:\/\/secure.gravatar.com\/avatar\/748ee3f5fc4ee7d578dbbfb66ec936f90fa42c1fc4d63e93e55233eda6e6f1c5?s=96&d=mm&r=g","contentUrl":"https:\/\/secure.gravatar.com\/avatar\/748ee3f5fc4ee7d578dbbfb66ec936f90fa42c1fc4d63e93e55233eda6e6f1c5?s=96&d=mm&r=g","caption":"admin-py0DaJKJ"},"sameAs":["https:\/\/brinovalighting.com"]}]}},"_links":{"self":[{"href":"https:\/\/brinovalighting.com\/fr\/wp-json\/wp\/v2\/posts\/8287","targetHints":{"allow":["GET"]}}],"collection":[{"href":"https:\/\/brinovalighting.com\/fr\/wp-json\/wp\/v2\/posts"}],"about":[{"href":"https:\/\/brinovalighting.com\/fr\/wp-json\/wp\/v2\/types\/post"}],"author":[{"embeddable":true,"href":"https:\/\/brinovalighting.com\/fr\/wp-json\/wp\/v2\/users\/1"}],"replies":[{"embeddable":true,"href":"https:\/\/brinovalighting.com\/fr\/wp-json\/wp\/v2\/comments?post=8287"}],"version-history":[{"count":3,"href":"https:\/\/brinovalighting.com\/fr\/wp-json\/wp\/v2\/posts\/8287\/revisions"}],"predecessor-version":[{"id":8315,"href":"https:\/\/brinovalighting.com\/fr\/wp-json\/wp\/v2\/posts\/8287\/revisions\/8315"}],"wp:featuredmedia":[{"embeddable":true,"href":"https:\/\/brinovalighting.com\/fr\/wp-json\/wp\/v2\/media\/8288"}],"wp:attachment":[{"href":"https:\/\/brinovalighting.com\/fr\/wp-json\/wp\/v2\/media?parent=8287"}],"wp:term":[{"taxonomy":"category","embeddable":true,"href":"https:\/\/brinovalighting.com\/fr\/wp-json\/wp\/v2\/categories?post=8287"},{"taxonomy":"post_tag","embeddable":true,"href":"https:\/\/brinovalighting.com\/fr\/wp-json\/wp\/v2\/tags?post=8287"}],"curies":[{"name":"wp","href":"https:\/\/api.w.org\/{rel}","templated":true}]}}