{"id":8289,"date":"2026-01-08T12:13:06","date_gmt":"2026-01-08T11:13:06","guid":{"rendered":"https:\/\/brinovalighting.com\/marka-oswietleniowa-dla-architektow-i-projektantow\/"},"modified":"2026-01-08T12:48:16","modified_gmt":"2026-01-08T11:48:16","slug":"marka-oswietleniowa-dla-architektow-i-projektantow","status":"publish","type":"post","link":"https:\/\/brinovalighting.com\/de\/marka-oswietleniowa-dla-architektow-i-projektantow\/","title":{"rendered":"Eine Lichtmarke f\u00fcr Architekten und Designer"},"content":{"rendered":"\n<p>Die Marke Brinova nahm an der Messe Warsaw Home teil, einer der gr\u00f6\u00dften und bedeutendsten Veranstaltungen der Interior- und Designbranche in Polen. Die Warsaw Home Messe ist ein wichtiger Treffpunkt f\u00fcr Hersteller, Architekten, Innenarchitekten sowie Design- und Rauml\u00f6sungs-Experten.<br>W\u00e4hrend der Messe pr\u00e4sentierten wir die Beleuchtungskollektionen von Brinova, die hochwertige Verarbeitung, zeitlose \u00c4sthetik und Funktionalit\u00e4t vereinen. Unsere Leuchten wurden als integraler Bestandteil eines bewussten Interior-Designs vorgestellt und unterstrichen den Charakter sowohl von Wohn- als auch von Gewerber\u00e4umen.<br>Die Teilnahme an der Messe bot zudem die M\u00f6glichkeit zum Austausch mit Architekten und Innenarchitekten sowie zur Kn\u00fcpfung neuer Gesch\u00e4ftskontakte. Das gro\u00dfe Interesse an unserem Messestand best\u00e4tigte die wachsende Bedeutung professionell gestalteter Beleuchtung in modernen Raumkonzepten.<br>Die Pr\u00e4senz von Brinova auf der Warsaw Home Messe ist Teil unserer Markenentwicklungsstrategie, deren Ziel die Zusammenarbeit mit Architekten, Designern und Einrichtungsh\u00e4usern in ganz Polen ist.<\/p>\n","protected":false},"excerpt":{"rendered":"<p>Die Marke Brinova nahm an der Messe Warsaw Home teil, einer der gr\u00f6\u00dften und bedeutendsten Veranstaltungen&#8230;<\/p>\n","protected":false},"author":1,"featured_media":8290,"comment_status":"closed","ping_status":"open","sticky":false,"template":"","format":"standard","meta":{"footnotes":""},"categories":[40],"tags":[],"class_list":["post-8289","post","type-post","status-publish","format-standard","has-post-thumbnail","hentry","category-nicht-kategorisiert"],"yoast_head":"<!-- This site is optimized with the Yoast SEO plugin v26.7 - https:\/\/yoast.com\/wordpress\/plugins\/seo\/ -->\n<title>Eine Lichtmarke f\u00fcr Architekten und Designer - Brinova<\/title>\n<meta name=\"robots\" content=\"index, follow, max-snippet:-1, max-image-preview:large, max-video-preview:-1\" \/>\n<link rel=\"canonical\" href=\"https:\/\/brinovalighting.com\/de\/marka-oswietleniowa-dla-architektow-i-projektantow\/\" \/>\n<meta property=\"og:locale\" content=\"de_DE\" \/>\n<meta property=\"og:type\" content=\"article\" \/>\n<meta property=\"og:title\" content=\"Eine Lichtmarke f\u00fcr Architekten und Designer - Brinova\" \/>\n<meta property=\"og:description\" content=\"Die Marke Brinova nahm an der Messe Warsaw Home teil, einer der gr\u00f6\u00dften und bedeutendsten Veranstaltungen...\" \/>\n<meta property=\"og:url\" content=\"https:\/\/brinovalighting.com\/de\/marka-oswietleniowa-dla-architektow-i-projektantow\/\" \/>\n<meta property=\"og:site_name\" content=\"Brinova\" \/>\n<meta property=\"article:published_time\" content=\"2026-01-08T11:13:06+00:00\" \/>\n<meta property=\"article:modified_time\" content=\"2026-01-08T11:48:16+00:00\" \/>\n<meta property=\"og:image\" content=\"https:\/\/brinovalighting.com\/wp-content\/uploads\/2026\/01\/wpis.jpg\" \/>\n\t<meta property=\"og:image:width\" content=\"1900\" \/>\n\t<meta property=\"og:image:height\" content=\"1267\" \/>\n\t<meta property=\"og:image:type\" content=\"image\/jpeg\" \/>\n<meta name=\"author\" content=\"admin-py0DaJKJ\" \/>\n<meta name=\"twitter:card\" content=\"summary_large_image\" \/>\n<meta name=\"twitter:label1\" content=\"Verfasst von\" \/>\n\t<meta name=\"twitter:data1\" content=\"admin-py0DaJKJ\" \/>\n\t<meta name=\"twitter:label2\" content=\"Gesch\u00e4tzte Lesezeit\" \/>\n\t<meta name=\"twitter:data2\" content=\"2\u00a0Minuten\" \/>\n<script type=\"application\/ld+json\" class=\"yoast-schema-graph\">{\"@context\":\"https:\/\/schema.org\",\"@graph\":[{\"@type\":\"Article\",\"@id\":\"https:\/\/brinovalighting.com\/de\/marka-oswietleniowa-dla-architektow-i-projektantow\/#article\",\"isPartOf\":{\"@id\":\"https:\/\/brinovalighting.com\/de\/marka-oswietleniowa-dla-architektow-i-projektantow\/\"},\"author\":{\"name\":\"admin-py0DaJKJ\",\"@id\":\"https:\/\/brinovalighting.com\/de\/#\/schema\/person\/196d4f4e4e4a8e3773999c3bb370db32\"},\"headline\":\"Eine Lichtmarke f\u00fcr Architekten und Designer\",\"datePublished\":\"2026-01-08T11:13:06+00:00\",\"dateModified\":\"2026-01-08T11:48:16+00:00\",\"mainEntityOfPage\":{\"@id\":\"https:\/\/brinovalighting.com\/de\/marka-oswietleniowa-dla-architektow-i-projektantow\/\"},\"wordCount\":159,\"publisher\":{\"@id\":\"https:\/\/brinovalighting.com\/de\/#organization\"},\"image\":{\"@id\":\"https:\/\/brinovalighting.com\/de\/marka-oswietleniowa-dla-architektow-i-projektantow\/#primaryimage\"},\"thumbnailUrl\":\"https:\/\/brinovalighting.com\/wp-content\/uploads\/2026\/01\/wpis.jpg\",\"articleSection\":[\"Nicht kategorisiert\"],\"inLanguage\":\"de\"},{\"@type\":\"WebPage\",\"@id\":\"https:\/\/brinovalighting.com\/de\/marka-oswietleniowa-dla-architektow-i-projektantow\/\",\"url\":\"https:\/\/brinovalighting.com\/de\/marka-oswietleniowa-dla-architektow-i-projektantow\/\",\"name\":\"Eine Lichtmarke f\u00fcr Architekten und Designer - Brinova\",\"isPartOf\":{\"@id\":\"https:\/\/brinovalighting.com\/de\/#website\"},\"primaryImageOfPage\":{\"@id\":\"https:\/\/brinovalighting.com\/de\/marka-oswietleniowa-dla-architektow-i-projektantow\/#primaryimage\"},\"image\":{\"@id\":\"https:\/\/brinovalighting.com\/de\/marka-oswietleniowa-dla-architektow-i-projektantow\/#primaryimage\"},\"thumbnailUrl\":\"https:\/\/brinovalighting.com\/wp-content\/uploads\/2026\/01\/wpis.jpg\",\"datePublished\":\"2026-01-08T11:13:06+00:00\",\"dateModified\":\"2026-01-08T11:48:16+00:00\",\"breadcrumb\":{\"@id\":\"https:\/\/brinovalighting.com\/de\/marka-oswietleniowa-dla-architektow-i-projektantow\/#breadcrumb\"},\"inLanguage\":\"de\",\"potentialAction\":[{\"@type\":\"ReadAction\",\"target\":[\"https:\/\/brinovalighting.com\/de\/marka-oswietleniowa-dla-architektow-i-projektantow\/\"]}]},{\"@type\":\"ImageObject\",\"inLanguage\":\"de\",\"@id\":\"https:\/\/brinovalighting.com\/de\/marka-oswietleniowa-dla-architektow-i-projektantow\/#primaryimage\",\"url\":\"https:\/\/brinovalighting.com\/wp-content\/uploads\/2026\/01\/wpis.jpg\",\"contentUrl\":\"https:\/\/brinovalighting.com\/wp-content\/uploads\/2026\/01\/wpis.jpg\",\"width\":1900,\"height\":1267},{\"@type\":\"BreadcrumbList\",\"@id\":\"https:\/\/brinovalighting.com\/de\/marka-oswietleniowa-dla-architektow-i-projektantow\/#breadcrumb\",\"itemListElement\":[{\"@type\":\"ListItem\",\"position\":1,\"name\":\"Strona g\u0142\u00f3wna\",\"item\":\"https:\/\/brinovalighting.com\/de\/\"},{\"@type\":\"ListItem\",\"position\":2,\"name\":\"Eine Lichtmarke f\u00fcr Architekten und Designer\"}]},{\"@type\":\"WebSite\",\"@id\":\"https:\/\/brinovalighting.com\/de\/#website\",\"url\":\"https:\/\/brinovalighting.com\/de\/\",\"name\":\"Brinova\",\"description\":\"Polska marka o\u015bwietlenia premium\",\"publisher\":{\"@id\":\"https:\/\/brinovalighting.com\/de\/#organization\"},\"potentialAction\":[{\"@type\":\"SearchAction\",\"target\":{\"@type\":\"EntryPoint\",\"urlTemplate\":\"https:\/\/brinovalighting.com\/de\/?s={search_term_string}\"},\"query-input\":{\"@type\":\"PropertyValueSpecification\",\"valueRequired\":true,\"valueName\":\"search_term_string\"}}],\"inLanguage\":\"de\"},{\"@type\":\"Organization\",\"@id\":\"https:\/\/brinovalighting.com\/de\/#organization\",\"name\":\"Brinova\",\"url\":\"https:\/\/brinovalighting.com\/de\/\",\"logo\":{\"@type\":\"ImageObject\",\"inLanguage\":\"de\",\"@id\":\"https:\/\/brinovalighting.com\/de\/#\/schema\/logo\/image\/\",\"url\":\"https:\/\/brinovalighting.com\/wp-content\/uploads\/2025\/09\/BRINOVA_LOGO_2025-scaled.png\",\"contentUrl\":\"https:\/\/brinovalighting.com\/wp-content\/uploads\/2025\/09\/BRINOVA_LOGO_2025-scaled.png\",\"width\":2560,\"height\":544,\"caption\":\"Brinova\"},\"image\":{\"@id\":\"https:\/\/brinovalighting.com\/de\/#\/schema\/logo\/image\/\"}},{\"@type\":\"Person\",\"@id\":\"https:\/\/brinovalighting.com\/de\/#\/schema\/person\/196d4f4e4e4a8e3773999c3bb370db32\",\"name\":\"admin-py0DaJKJ\",\"image\":{\"@type\":\"ImageObject\",\"inLanguage\":\"de\",\"@id\":\"https:\/\/brinovalighting.com\/de\/#\/schema\/person\/image\/\",\"url\":\"https:\/\/secure.gravatar.com\/avatar\/748ee3f5fc4ee7d578dbbfb66ec936f90fa42c1fc4d63e93e55233eda6e6f1c5?s=96&d=mm&r=g\",\"contentUrl\":\"https:\/\/secure.gravatar.com\/avatar\/748ee3f5fc4ee7d578dbbfb66ec936f90fa42c1fc4d63e93e55233eda6e6f1c5?s=96&d=mm&r=g\",\"caption\":\"admin-py0DaJKJ\"},\"sameAs\":[\"https:\/\/brinovalighting.com\"]}]}<\/script>\n<!-- \/ Yoast SEO plugin. -->","yoast_head_json":{"title":"Eine Lichtmarke f\u00fcr Architekten und Designer - Brinova","robots":{"index":"index","follow":"follow","max-snippet":"max-snippet:-1","max-image-preview":"max-image-preview:large","max-video-preview":"max-video-preview:-1"},"canonical":"https:\/\/brinovalighting.com\/de\/marka-oswietleniowa-dla-architektow-i-projektantow\/","og_locale":"de_DE","og_type":"article","og_title":"Eine Lichtmarke f\u00fcr Architekten und Designer - Brinova","og_description":"Die Marke Brinova nahm an der Messe Warsaw Home teil, einer der gr\u00f6\u00dften und bedeutendsten Veranstaltungen...","og_url":"https:\/\/brinovalighting.com\/de\/marka-oswietleniowa-dla-architektow-i-projektantow\/","og_site_name":"Brinova","article_published_time":"2026-01-08T11:13:06+00:00","article_modified_time":"2026-01-08T11:48:16+00:00","og_image":[{"width":1900,"height":1267,"url":"https:\/\/brinovalighting.com\/wp-content\/uploads\/2026\/01\/wpis.jpg","type":"image\/jpeg"}],"author":"admin-py0DaJKJ","twitter_card":"summary_large_image","twitter_misc":{"Verfasst von":"admin-py0DaJKJ","Gesch\u00e4tzte Lesezeit":"2\u00a0Minuten"},"schema":{"@context":"https:\/\/schema.org","@graph":[{"@type":"Article","@id":"https:\/\/brinovalighting.com\/de\/marka-oswietleniowa-dla-architektow-i-projektantow\/#article","isPartOf":{"@id":"https:\/\/brinovalighting.com\/de\/marka-oswietleniowa-dla-architektow-i-projektantow\/"},"author":{"name":"admin-py0DaJKJ","@id":"https:\/\/brinovalighting.com\/de\/#\/schema\/person\/196d4f4e4e4a8e3773999c3bb370db32"},"headline":"Eine Lichtmarke f\u00fcr Architekten und Designer","datePublished":"2026-01-08T11:13:06+00:00","dateModified":"2026-01-08T11:48:16+00:00","mainEntityOfPage":{"@id":"https:\/\/brinovalighting.com\/de\/marka-oswietleniowa-dla-architektow-i-projektantow\/"},"wordCount":159,"publisher":{"@id":"https:\/\/brinovalighting.com\/de\/#organization"},"image":{"@id":"https:\/\/brinovalighting.com\/de\/marka-oswietleniowa-dla-architektow-i-projektantow\/#primaryimage"},"thumbnailUrl":"https:\/\/brinovalighting.com\/wp-content\/uploads\/2026\/01\/wpis.jpg","articleSection":["Nicht kategorisiert"],"inLanguage":"de"},{"@type":"WebPage","@id":"https:\/\/brinovalighting.com\/de\/marka-oswietleniowa-dla-architektow-i-projektantow\/","url":"https:\/\/brinovalighting.com\/de\/marka-oswietleniowa-dla-architektow-i-projektantow\/","name":"Eine Lichtmarke f\u00fcr Architekten und Designer - Brinova","isPartOf":{"@id":"https:\/\/brinovalighting.com\/de\/#website"},"primaryImageOfPage":{"@id":"https:\/\/brinovalighting.com\/de\/marka-oswietleniowa-dla-architektow-i-projektantow\/#primaryimage"},"image":{"@id":"https:\/\/brinovalighting.com\/de\/marka-oswietleniowa-dla-architektow-i-projektantow\/#primaryimage"},"thumbnailUrl":"https:\/\/brinovalighting.com\/wp-content\/uploads\/2026\/01\/wpis.jpg","datePublished":"2026-01-08T11:13:06+00:00","dateModified":"2026-01-08T11:48:16+00:00","breadcrumb":{"@id":"https:\/\/brinovalighting.com\/de\/marka-oswietleniowa-dla-architektow-i-projektantow\/#breadcrumb"},"inLanguage":"de","potentialAction":[{"@type":"ReadAction","target":["https:\/\/brinovalighting.com\/de\/marka-oswietleniowa-dla-architektow-i-projektantow\/"]}]},{"@type":"ImageObject","inLanguage":"de","@id":"https:\/\/brinovalighting.com\/de\/marka-oswietleniowa-dla-architektow-i-projektantow\/#primaryimage","url":"https:\/\/brinovalighting.com\/wp-content\/uploads\/2026\/01\/wpis.jpg","contentUrl":"https:\/\/brinovalighting.com\/wp-content\/uploads\/2026\/01\/wpis.jpg","width":1900,"height":1267},{"@type":"BreadcrumbList","@id":"https:\/\/brinovalighting.com\/de\/marka-oswietleniowa-dla-architektow-i-projektantow\/#breadcrumb","itemListElement":[{"@type":"ListItem","position":1,"name":"Strona g\u0142\u00f3wna","item":"https:\/\/brinovalighting.com\/de\/"},{"@type":"ListItem","position":2,"name":"Eine Lichtmarke f\u00fcr Architekten und Designer"}]},{"@type":"WebSite","@id":"https:\/\/brinovalighting.com\/de\/#website","url":"https:\/\/brinovalighting.com\/de\/","name":"Brinova","description":"Polska marka o\u015bwietlenia premium","publisher":{"@id":"https:\/\/brinovalighting.com\/de\/#organization"},"potentialAction":[{"@type":"SearchAction","target":{"@type":"EntryPoint","urlTemplate":"https:\/\/brinovalighting.com\/de\/?s={search_term_string}"},"query-input":{"@type":"PropertyValueSpecification","valueRequired":true,"valueName":"search_term_string"}}],"inLanguage":"de"},{"@type":"Organization","@id":"https:\/\/brinovalighting.com\/de\/#organization","name":"Brinova","url":"https:\/\/brinovalighting.com\/de\/","logo":{"@type":"ImageObject","inLanguage":"de","@id":"https:\/\/brinovalighting.com\/de\/#\/schema\/logo\/image\/","url":"https:\/\/brinovalighting.com\/wp-content\/uploads\/2025\/09\/BRINOVA_LOGO_2025-scaled.png","contentUrl":"https:\/\/brinovalighting.com\/wp-content\/uploads\/2025\/09\/BRINOVA_LOGO_2025-scaled.png","width":2560,"height":544,"caption":"Brinova"},"image":{"@id":"https:\/\/brinovalighting.com\/de\/#\/schema\/logo\/image\/"}},{"@type":"Person","@id":"https:\/\/brinovalighting.com\/de\/#\/schema\/person\/196d4f4e4e4a8e3773999c3bb370db32","name":"admin-py0DaJKJ","image":{"@type":"ImageObject","inLanguage":"de","@id":"https:\/\/brinovalighting.com\/de\/#\/schema\/person\/image\/","url":"https:\/\/secure.gravatar.com\/avatar\/748ee3f5fc4ee7d578dbbfb66ec936f90fa42c1fc4d63e93e55233eda6e6f1c5?s=96&d=mm&r=g","contentUrl":"https:\/\/secure.gravatar.com\/avatar\/748ee3f5fc4ee7d578dbbfb66ec936f90fa42c1fc4d63e93e55233eda6e6f1c5?s=96&d=mm&r=g","caption":"admin-py0DaJKJ"},"sameAs":["https:\/\/brinovalighting.com"]}]}},"_links":{"self":[{"href":"https:\/\/brinovalighting.com\/de\/wp-json\/wp\/v2\/posts\/8289","targetHints":{"allow":["GET"]}}],"collection":[{"href":"https:\/\/brinovalighting.com\/de\/wp-json\/wp\/v2\/posts"}],"about":[{"href":"https:\/\/brinovalighting.com\/de\/wp-json\/wp\/v2\/types\/post"}],"author":[{"embeddable":true,"href":"https:\/\/brinovalighting.com\/de\/wp-json\/wp\/v2\/users\/1"}],"replies":[{"embeddable":true,"href":"https:\/\/brinovalighting.com\/de\/wp-json\/wp\/v2\/comments?post=8289"}],"version-history":[{"count":2,"href":"https:\/\/brinovalighting.com\/de\/wp-json\/wp\/v2\/posts\/8289\/revisions"}],"predecessor-version":[{"id":8305,"href":"https:\/\/brinovalighting.com\/de\/wp-json\/wp\/v2\/posts\/8289\/revisions\/8305"}],"wp:featuredmedia":[{"embeddable":true,"href":"https:\/\/brinovalighting.com\/de\/wp-json\/wp\/v2\/media\/8290"}],"wp:attachment":[{"href":"https:\/\/brinovalighting.com\/de\/wp-json\/wp\/v2\/media?parent=8289"}],"wp:term":[{"taxonomy":"category","embeddable":true,"href":"https:\/\/brinovalighting.com\/de\/wp-json\/wp\/v2\/categories?post=8289"},{"taxonomy":"post_tag","embeddable":true,"href":"https:\/\/brinovalighting.com\/de\/wp-json\/wp\/v2\/tags?post=8289"}],"curies":[{"name":"wp","href":"https:\/\/api.w.org\/{rel}","templated":true}]}}