{"id":5801,"date":"2025-10-03T11:02:31","date_gmt":"2025-10-03T09:02:31","guid":{"rendered":"https:\/\/brinovalighting.com\/ekologiczna-fabryka-i-showroom-brinova-otwarte-dla-architektow\/"},"modified":"2025-10-06T16:26:22","modified_gmt":"2025-10-06T14:26:22","slug":"okologische-fabrik-und-brinova-showroom-fur-architekten-geoffnet","status":"publish","type":"post","link":"https:\/\/brinovalighting.com\/de\/okologische-fabrik-und-brinova-showroom-fur-architekten-geoffnet\/","title":{"rendered":"\u00d6kologische Fabrik und Brinova Showroom f\u00fcr Architekten ge\u00f6ffnet!"},"content":{"rendered":"\n<p>Am letzten Freitag im September fand im Brinova Showroom das Premieren-Event f\u00fcr Architekten aus Schlesien statt. <br>Begleitet wurde die Veranstaltung von einer F\u00fchrung durch unsere \u00f6kologische Fabrik, bei der die Teilnehmer den Herstellungsprozess unserer Produkte aus n\u00e4chster N\u00e4he erleben konnten. <br>Wir freuen uns, dass die Brinova-Kollektionen so positiv aufgenommen wurden und bereits neue Architekturprojekte inspirieren.<\/p>\n","protected":false},"excerpt":{"rendered":"<p>Am letzten Freitag im September fand im Brinova Showroom das Premieren-Event f\u00fcr Architekten&#8230;<\/p>\n","protected":false},"author":1,"featured_media":5802,"comment_status":"open","ping_status":"open","sticky":false,"template":"","format":"standard","meta":{"footnotes":""},"categories":[40],"tags":[],"class_list":["post-5801","post","type-post","status-publish","format-standard","has-post-thumbnail","hentry","category-nicht-kategorisiert"],"yoast_head":"<!-- This site is optimized with the Yoast SEO plugin v26.7 - https:\/\/yoast.com\/wordpress\/plugins\/seo\/ -->\n<title>\u00d6kologische Fabrik und Brinova Showroom f\u00fcr Architekten ge\u00f6ffnet! - Brinova<\/title>\n<meta name=\"robots\" content=\"index, follow, max-snippet:-1, max-image-preview:large, max-video-preview:-1\" \/>\n<link rel=\"canonical\" href=\"https:\/\/brinovalighting.com\/de\/okologische-fabrik-und-brinova-showroom-fur-architekten-geoffnet\/\" \/>\n<meta property=\"og:locale\" content=\"de_DE\" \/>\n<meta property=\"og:type\" content=\"article\" \/>\n<meta property=\"og:title\" content=\"\u00d6kologische Fabrik und Brinova Showroom f\u00fcr Architekten ge\u00f6ffnet! - Brinova\" \/>\n<meta property=\"og:description\" content=\"Am letzten Freitag im September fand im Brinova Showroom das Premieren-Event f\u00fcr Architekten...\" \/>\n<meta property=\"og:url\" content=\"https:\/\/brinovalighting.com\/de\/okologische-fabrik-und-brinova-showroom-fur-architekten-geoffnet\/\" \/>\n<meta property=\"og:site_name\" content=\"Brinova\" \/>\n<meta property=\"article:published_time\" content=\"2025-10-03T09:02:31+00:00\" \/>\n<meta property=\"article:modified_time\" content=\"2025-10-06T14:26:22+00:00\" \/>\n<meta property=\"og:image\" content=\"https:\/\/brinovalighting.com\/wp-content\/uploads\/2025\/10\/20250926_113505-scaled.jpg\" \/>\n\t<meta property=\"og:image:width\" content=\"2560\" \/>\n\t<meta property=\"og:image:height\" content=\"1441\" \/>\n\t<meta property=\"og:image:type\" content=\"image\/jpeg\" \/>\n<meta name=\"author\" content=\"admin-py0DaJKJ\" \/>\n<meta name=\"twitter:card\" content=\"summary_large_image\" \/>\n<meta name=\"twitter:label1\" content=\"Verfasst von\" \/>\n\t<meta name=\"twitter:data1\" content=\"admin-py0DaJKJ\" \/>\n\t<meta name=\"twitter:label2\" content=\"Gesch\u00e4tzte Lesezeit\" \/>\n\t<meta name=\"twitter:data2\" content=\"1\u00a0Minute\" \/>\n<script type=\"application\/ld+json\" class=\"yoast-schema-graph\">{\"@context\":\"https:\/\/schema.org\",\"@graph\":[{\"@type\":\"Article\",\"@id\":\"https:\/\/brinovalighting.com\/de\/okologische-fabrik-und-brinova-showroom-fur-architekten-geoffnet\/#article\",\"isPartOf\":{\"@id\":\"https:\/\/brinovalighting.com\/de\/okologische-fabrik-und-brinova-showroom-fur-architekten-geoffnet\/\"},\"author\":{\"name\":\"admin-py0DaJKJ\",\"@id\":\"https:\/\/brinovalighting.com\/de\/#\/schema\/person\/196d4f4e4e4a8e3773999c3bb370db32\"},\"headline\":\"\u00d6kologische Fabrik und Brinova Showroom f\u00fcr Architekten ge\u00f6ffnet!\",\"datePublished\":\"2025-10-03T09:02:31+00:00\",\"dateModified\":\"2025-10-06T14:26:22+00:00\",\"mainEntityOfPage\":{\"@id\":\"https:\/\/brinovalighting.com\/de\/okologische-fabrik-und-brinova-showroom-fur-architekten-geoffnet\/\"},\"wordCount\":69,\"commentCount\":0,\"publisher\":{\"@id\":\"https:\/\/brinovalighting.com\/de\/#organization\"},\"image\":{\"@id\":\"https:\/\/brinovalighting.com\/de\/okologische-fabrik-und-brinova-showroom-fur-architekten-geoffnet\/#primaryimage\"},\"thumbnailUrl\":\"https:\/\/brinovalighting.com\/wp-content\/uploads\/2025\/10\/20250926_113505-scaled.jpg\",\"articleSection\":[\"Nicht kategorisiert\"],\"inLanguage\":\"de\",\"potentialAction\":[{\"@type\":\"CommentAction\",\"name\":\"Comment\",\"target\":[\"https:\/\/brinovalighting.com\/de\/okologische-fabrik-und-brinova-showroom-fur-architekten-geoffnet\/#respond\"]}]},{\"@type\":\"WebPage\",\"@id\":\"https:\/\/brinovalighting.com\/de\/okologische-fabrik-und-brinova-showroom-fur-architekten-geoffnet\/\",\"url\":\"https:\/\/brinovalighting.com\/de\/okologische-fabrik-und-brinova-showroom-fur-architekten-geoffnet\/\",\"name\":\"\u00d6kologische Fabrik und Brinova Showroom f\u00fcr Architekten ge\u00f6ffnet! - Brinova\",\"isPartOf\":{\"@id\":\"https:\/\/brinovalighting.com\/de\/#website\"},\"primaryImageOfPage\":{\"@id\":\"https:\/\/brinovalighting.com\/de\/okologische-fabrik-und-brinova-showroom-fur-architekten-geoffnet\/#primaryimage\"},\"image\":{\"@id\":\"https:\/\/brinovalighting.com\/de\/okologische-fabrik-und-brinova-showroom-fur-architekten-geoffnet\/#primaryimage\"},\"thumbnailUrl\":\"https:\/\/brinovalighting.com\/wp-content\/uploads\/2025\/10\/20250926_113505-scaled.jpg\",\"datePublished\":\"2025-10-03T09:02:31+00:00\",\"dateModified\":\"2025-10-06T14:26:22+00:00\",\"breadcrumb\":{\"@id\":\"https:\/\/brinovalighting.com\/de\/okologische-fabrik-und-brinova-showroom-fur-architekten-geoffnet\/#breadcrumb\"},\"inLanguage\":\"de\",\"potentialAction\":[{\"@type\":\"ReadAction\",\"target\":[\"https:\/\/brinovalighting.com\/de\/okologische-fabrik-und-brinova-showroom-fur-architekten-geoffnet\/\"]}]},{\"@type\":\"ImageObject\",\"inLanguage\":\"de\",\"@id\":\"https:\/\/brinovalighting.com\/de\/okologische-fabrik-und-brinova-showroom-fur-architekten-geoffnet\/#primaryimage\",\"url\":\"https:\/\/brinovalighting.com\/wp-content\/uploads\/2025\/10\/20250926_113505-scaled.jpg\",\"contentUrl\":\"https:\/\/brinovalighting.com\/wp-content\/uploads\/2025\/10\/20250926_113505-scaled.jpg\",\"width\":2560,\"height\":1441},{\"@type\":\"BreadcrumbList\",\"@id\":\"https:\/\/brinovalighting.com\/de\/okologische-fabrik-und-brinova-showroom-fur-architekten-geoffnet\/#breadcrumb\",\"itemListElement\":[{\"@type\":\"ListItem\",\"position\":1,\"name\":\"Strona g\u0142\u00f3wna\",\"item\":\"https:\/\/brinovalighting.com\/de\/\"},{\"@type\":\"ListItem\",\"position\":2,\"name\":\"\u00d6kologische Fabrik und Brinova Showroom f\u00fcr Architekten ge\u00f6ffnet!\"}]},{\"@type\":\"WebSite\",\"@id\":\"https:\/\/brinovalighting.com\/de\/#website\",\"url\":\"https:\/\/brinovalighting.com\/de\/\",\"name\":\"Brinova\",\"description\":\"Polska marka o\u015bwietlenia premium\",\"publisher\":{\"@id\":\"https:\/\/brinovalighting.com\/de\/#organization\"},\"potentialAction\":[{\"@type\":\"SearchAction\",\"target\":{\"@type\":\"EntryPoint\",\"urlTemplate\":\"https:\/\/brinovalighting.com\/de\/?s={search_term_string}\"},\"query-input\":{\"@type\":\"PropertyValueSpecification\",\"valueRequired\":true,\"valueName\":\"search_term_string\"}}],\"inLanguage\":\"de\"},{\"@type\":\"Organization\",\"@id\":\"https:\/\/brinovalighting.com\/de\/#organization\",\"name\":\"Brinova\",\"url\":\"https:\/\/brinovalighting.com\/de\/\",\"logo\":{\"@type\":\"ImageObject\",\"inLanguage\":\"de\",\"@id\":\"https:\/\/brinovalighting.com\/de\/#\/schema\/logo\/image\/\",\"url\":\"https:\/\/brinovalighting.com\/wp-content\/uploads\/2025\/09\/BRINOVA_LOGO_2025-scaled.png\",\"contentUrl\":\"https:\/\/brinovalighting.com\/wp-content\/uploads\/2025\/09\/BRINOVA_LOGO_2025-scaled.png\",\"width\":2560,\"height\":544,\"caption\":\"Brinova\"},\"image\":{\"@id\":\"https:\/\/brinovalighting.com\/de\/#\/schema\/logo\/image\/\"}},{\"@type\":\"Person\",\"@id\":\"https:\/\/brinovalighting.com\/de\/#\/schema\/person\/196d4f4e4e4a8e3773999c3bb370db32\",\"name\":\"admin-py0DaJKJ\",\"image\":{\"@type\":\"ImageObject\",\"inLanguage\":\"de\",\"@id\":\"https:\/\/brinovalighting.com\/de\/#\/schema\/person\/image\/\",\"url\":\"https:\/\/secure.gravatar.com\/avatar\/748ee3f5fc4ee7d578dbbfb66ec936f90fa42c1fc4d63e93e55233eda6e6f1c5?s=96&d=mm&r=g\",\"contentUrl\":\"https:\/\/secure.gravatar.com\/avatar\/748ee3f5fc4ee7d578dbbfb66ec936f90fa42c1fc4d63e93e55233eda6e6f1c5?s=96&d=mm&r=g\",\"caption\":\"admin-py0DaJKJ\"},\"sameAs\":[\"https:\/\/brinovalighting.com\"]}]}<\/script>\n<!-- \/ Yoast SEO plugin. -->","yoast_head_json":{"title":"\u00d6kologische Fabrik und Brinova Showroom f\u00fcr Architekten ge\u00f6ffnet! - Brinova","robots":{"index":"index","follow":"follow","max-snippet":"max-snippet:-1","max-image-preview":"max-image-preview:large","max-video-preview":"max-video-preview:-1"},"canonical":"https:\/\/brinovalighting.com\/de\/okologische-fabrik-und-brinova-showroom-fur-architekten-geoffnet\/","og_locale":"de_DE","og_type":"article","og_title":"\u00d6kologische Fabrik und Brinova Showroom f\u00fcr Architekten ge\u00f6ffnet! - Brinova","og_description":"Am letzten Freitag im September fand im Brinova Showroom das Premieren-Event f\u00fcr Architekten...","og_url":"https:\/\/brinovalighting.com\/de\/okologische-fabrik-und-brinova-showroom-fur-architekten-geoffnet\/","og_site_name":"Brinova","article_published_time":"2025-10-03T09:02:31+00:00","article_modified_time":"2025-10-06T14:26:22+00:00","og_image":[{"width":2560,"height":1441,"url":"https:\/\/brinovalighting.com\/wp-content\/uploads\/2025\/10\/20250926_113505-scaled.jpg","type":"image\/jpeg"}],"author":"admin-py0DaJKJ","twitter_card":"summary_large_image","twitter_misc":{"Verfasst von":"admin-py0DaJKJ","Gesch\u00e4tzte Lesezeit":"1\u00a0Minute"},"schema":{"@context":"https:\/\/schema.org","@graph":[{"@type":"Article","@id":"https:\/\/brinovalighting.com\/de\/okologische-fabrik-und-brinova-showroom-fur-architekten-geoffnet\/#article","isPartOf":{"@id":"https:\/\/brinovalighting.com\/de\/okologische-fabrik-und-brinova-showroom-fur-architekten-geoffnet\/"},"author":{"name":"admin-py0DaJKJ","@id":"https:\/\/brinovalighting.com\/de\/#\/schema\/person\/196d4f4e4e4a8e3773999c3bb370db32"},"headline":"\u00d6kologische Fabrik und Brinova Showroom f\u00fcr Architekten ge\u00f6ffnet!","datePublished":"2025-10-03T09:02:31+00:00","dateModified":"2025-10-06T14:26:22+00:00","mainEntityOfPage":{"@id":"https:\/\/brinovalighting.com\/de\/okologische-fabrik-und-brinova-showroom-fur-architekten-geoffnet\/"},"wordCount":69,"commentCount":0,"publisher":{"@id":"https:\/\/brinovalighting.com\/de\/#organization"},"image":{"@id":"https:\/\/brinovalighting.com\/de\/okologische-fabrik-und-brinova-showroom-fur-architekten-geoffnet\/#primaryimage"},"thumbnailUrl":"https:\/\/brinovalighting.com\/wp-content\/uploads\/2025\/10\/20250926_113505-scaled.jpg","articleSection":["Nicht kategorisiert"],"inLanguage":"de","potentialAction":[{"@type":"CommentAction","name":"Comment","target":["https:\/\/brinovalighting.com\/de\/okologische-fabrik-und-brinova-showroom-fur-architekten-geoffnet\/#respond"]}]},{"@type":"WebPage","@id":"https:\/\/brinovalighting.com\/de\/okologische-fabrik-und-brinova-showroom-fur-architekten-geoffnet\/","url":"https:\/\/brinovalighting.com\/de\/okologische-fabrik-und-brinova-showroom-fur-architekten-geoffnet\/","name":"\u00d6kologische Fabrik und Brinova Showroom f\u00fcr Architekten ge\u00f6ffnet! - Brinova","isPartOf":{"@id":"https:\/\/brinovalighting.com\/de\/#website"},"primaryImageOfPage":{"@id":"https:\/\/brinovalighting.com\/de\/okologische-fabrik-und-brinova-showroom-fur-architekten-geoffnet\/#primaryimage"},"image":{"@id":"https:\/\/brinovalighting.com\/de\/okologische-fabrik-und-brinova-showroom-fur-architekten-geoffnet\/#primaryimage"},"thumbnailUrl":"https:\/\/brinovalighting.com\/wp-content\/uploads\/2025\/10\/20250926_113505-scaled.jpg","datePublished":"2025-10-03T09:02:31+00:00","dateModified":"2025-10-06T14:26:22+00:00","breadcrumb":{"@id":"https:\/\/brinovalighting.com\/de\/okologische-fabrik-und-brinova-showroom-fur-architekten-geoffnet\/#breadcrumb"},"inLanguage":"de","potentialAction":[{"@type":"ReadAction","target":["https:\/\/brinovalighting.com\/de\/okologische-fabrik-und-brinova-showroom-fur-architekten-geoffnet\/"]}]},{"@type":"ImageObject","inLanguage":"de","@id":"https:\/\/brinovalighting.com\/de\/okologische-fabrik-und-brinova-showroom-fur-architekten-geoffnet\/#primaryimage","url":"https:\/\/brinovalighting.com\/wp-content\/uploads\/2025\/10\/20250926_113505-scaled.jpg","contentUrl":"https:\/\/brinovalighting.com\/wp-content\/uploads\/2025\/10\/20250926_113505-scaled.jpg","width":2560,"height":1441},{"@type":"BreadcrumbList","@id":"https:\/\/brinovalighting.com\/de\/okologische-fabrik-und-brinova-showroom-fur-architekten-geoffnet\/#breadcrumb","itemListElement":[{"@type":"ListItem","position":1,"name":"Strona g\u0142\u00f3wna","item":"https:\/\/brinovalighting.com\/de\/"},{"@type":"ListItem","position":2,"name":"\u00d6kologische Fabrik und Brinova Showroom f\u00fcr Architekten ge\u00f6ffnet!"}]},{"@type":"WebSite","@id":"https:\/\/brinovalighting.com\/de\/#website","url":"https:\/\/brinovalighting.com\/de\/","name":"Brinova","description":"Polska marka o\u015bwietlenia premium","publisher":{"@id":"https:\/\/brinovalighting.com\/de\/#organization"},"potentialAction":[{"@type":"SearchAction","target":{"@type":"EntryPoint","urlTemplate":"https:\/\/brinovalighting.com\/de\/?s={search_term_string}"},"query-input":{"@type":"PropertyValueSpecification","valueRequired":true,"valueName":"search_term_string"}}],"inLanguage":"de"},{"@type":"Organization","@id":"https:\/\/brinovalighting.com\/de\/#organization","name":"Brinova","url":"https:\/\/brinovalighting.com\/de\/","logo":{"@type":"ImageObject","inLanguage":"de","@id":"https:\/\/brinovalighting.com\/de\/#\/schema\/logo\/image\/","url":"https:\/\/brinovalighting.com\/wp-content\/uploads\/2025\/09\/BRINOVA_LOGO_2025-scaled.png","contentUrl":"https:\/\/brinovalighting.com\/wp-content\/uploads\/2025\/09\/BRINOVA_LOGO_2025-scaled.png","width":2560,"height":544,"caption":"Brinova"},"image":{"@id":"https:\/\/brinovalighting.com\/de\/#\/schema\/logo\/image\/"}},{"@type":"Person","@id":"https:\/\/brinovalighting.com\/de\/#\/schema\/person\/196d4f4e4e4a8e3773999c3bb370db32","name":"admin-py0DaJKJ","image":{"@type":"ImageObject","inLanguage":"de","@id":"https:\/\/brinovalighting.com\/de\/#\/schema\/person\/image\/","url":"https:\/\/secure.gravatar.com\/avatar\/748ee3f5fc4ee7d578dbbfb66ec936f90fa42c1fc4d63e93e55233eda6e6f1c5?s=96&d=mm&r=g","contentUrl":"https:\/\/secure.gravatar.com\/avatar\/748ee3f5fc4ee7d578dbbfb66ec936f90fa42c1fc4d63e93e55233eda6e6f1c5?s=96&d=mm&r=g","caption":"admin-py0DaJKJ"},"sameAs":["https:\/\/brinovalighting.com"]}]}},"_links":{"self":[{"href":"https:\/\/brinovalighting.com\/de\/wp-json\/wp\/v2\/posts\/5801","targetHints":{"allow":["GET"]}}],"collection":[{"href":"https:\/\/brinovalighting.com\/de\/wp-json\/wp\/v2\/posts"}],"about":[{"href":"https:\/\/brinovalighting.com\/de\/wp-json\/wp\/v2\/types\/post"}],"author":[{"embeddable":true,"href":"https:\/\/brinovalighting.com\/de\/wp-json\/wp\/v2\/users\/1"}],"replies":[{"embeddable":true,"href":"https:\/\/brinovalighting.com\/de\/wp-json\/wp\/v2\/comments?post=5801"}],"version-history":[{"count":3,"href":"https:\/\/brinovalighting.com\/de\/wp-json\/wp\/v2\/posts\/5801\/revisions"}],"predecessor-version":[{"id":7280,"href":"https:\/\/brinovalighting.com\/de\/wp-json\/wp\/v2\/posts\/5801\/revisions\/7280"}],"wp:featuredmedia":[{"embeddable":true,"href":"https:\/\/brinovalighting.com\/de\/wp-json\/wp\/v2\/media\/5802"}],"wp:attachment":[{"href":"https:\/\/brinovalighting.com\/de\/wp-json\/wp\/v2\/media?parent=5801"}],"wp:term":[{"taxonomy":"category","embeddable":true,"href":"https:\/\/brinovalighting.com\/de\/wp-json\/wp\/v2\/categories?post=5801"},{"taxonomy":"post_tag","embeddable":true,"href":"https:\/\/brinovalighting.com\/de\/wp-json\/wp\/v2\/tags?post=5801"}],"curies":[{"name":"wp","href":"https:\/\/api.w.org\/{rel}","templated":true}]}}